{"id":4186,"date":"2021-04-14T09:00:48","date_gmt":"2021-04-14T14:00:48","guid":{"rendered":"https:\/\/www.jalifecaballero.com\/es\/?p=4186"},"modified":"2021-04-14T13:16:28","modified_gmt":"2021-04-14T18:16:28","slug":"reforman-la-reforma-de-derechos-colectivos-de-autor","status":"publish","type":"post","link":"https:\/\/www.jalifecaballero.com\/en\/uncategorized\/reforman-la-reforma-de-derechos-colectivos-de-autor\/","title":{"rendered":"Reforman la reforma de derechos colectivos de autor"},"content":{"rendered":"<h2 class=\"default__SubheadH2-l9vr7s-0 jzxDoE h4-primary sub-headline\">Apenas el 24 de enero de 2020, entr\u00f3 en vigor la reforma a la Ley Federal del Derecho de Autor en materia de protecci\u00f3n de las obras de \u201cculturas populares y expresiones culturales tradicionales\u201d.<\/h2>\n<p class=\"default__StyledText-xb1qmn-0 kYamVn body-paragraph\">Apenas el 24 de enero de 2020, entr\u00f3 en vigor la reforma a la Ley Federal del Derecho de Autor en materia de protecci\u00f3n de las obras de \u201cculturas populares y expresiones culturales tradicionales\u201d. La reforma fue el colof\u00f3n de m\u00faltiples proyectos, de todos los tama\u00f1os, estilos y colores que a lo largo de los \u00faltimos 20 a\u00f1os han transitado por las salas del Congreso, y que finalmente concluy\u00f3 en una precipitada y desorientada enmienda que apenas modific\u00f3 la explotaci\u00f3n libre de obras propias de pueblos originarios y comunidades ind\u00edgenas del pa\u00eds.<\/p>\n<p class=\"default__StyledText-xb1qmn-0 kYamVn body-paragraph\">De hecho, no hemos tenido conocimiento de una sola reclamaci\u00f3n fundada en esa normativa, que muy posiblemente est\u00e1 solamente ahuyentando a los interesados en usar dise\u00f1os ind\u00edgenas, ante la inexistencia de reglas claras. No habiendo dejado satisfecho a nadie, las iniciativas para mejorar la regulaci\u00f3n han seguido emergiendo como si la susodicha reforma no existiese, hasta llegar a este nuevo proyecto que ha merecido el voto un\u00e1nime de la c\u00e1mara de Diputados, y que ahora pasar\u00e1 al Senado para su an\u00e1lisis.<\/p>\n<p class=\"default__StyledText-xb1qmn-0 kYamVn body-paragraph\">Basta revisar la exposici\u00f3n de motivos de la iniciativa para darse cuenta de que la misma obedece a la pura reactividad que los recientes casos de Carolina Herrera y otras afamadas marcas causaron, y que toman forma en una propuesta simplista e incompleta. La iniciativa no solo no mejora lo que ya tenemos, sino que establece pautas tan dif\u00edciles de cumplir que desalentar\u00e1 el uso comercial de esta clase de obras, que al final es tambi\u00e9n una forma de difusi\u00f3n de cultura. Hay quien cuestiona si es que este es un efecto positivo, por lo que habr\u00eda que preguntar si expandir la industria del mezcal y exportar a todo el mundo prostituye la cultura detr\u00e1s del producto o lo exalta. Me quedo con lo segundo.<\/p>\n<p class=\"default__StyledText-xb1qmn-0 kYamVn body-paragraph\">En s\u00ed, la nueva normativa pretender\u00eda exigir el pago de un porcentaje a favor de las comunidades identificadas como autora de las obras, siempre y cuando medie una autorizaci\u00f3n previa de su parte. A pesar de que la intervenci\u00f3n del Instituto Nacional de los Pueblos Ind\u00edgenas se prev\u00e9 como \u00e1rbitro para solucionar conflictos de identidad en la titularidad de los derechos y la representaci\u00f3n legal, el punto puede convertirse en una traba burocr\u00e1tica invencible.<\/p>\n<div id=\"arcad-feature-9392\" class=\"default__StyledAdUnit-ijbiyl-0 jRwgAQ arcad-feature margin-md-bottom \">\n<div class=\"arcad-container\">\n<article class=\"default__ArticleBody-xb1qmn-2 dWHhwh article-body-wrapper\">\n<p class=\"default__StyledText-xb1qmn-0 kYamVn body-paragraph\">La reforma quedar\u00e1 corta en el tipo de creaciones amparadas por la misma, discriminando a unas respecto de otras, sin una raz\u00f3n que lo explique que no sea poner freno a las m\u00e1s recientes infracciones en productos textiles. Por otro lado, la integralidad que se requiere para esta clase de intervenciones es claramente desconocida al pretender una soluci\u00f3n simplista que reduce el tema al mercantilismo de la remuneraci\u00f3n. \u00bfD\u00f3nde quedan los mecanismos para que esas comunidades den a conocer, por s\u00ed mismas, sus creaciones? Ese suele ser el centro de este tipo de legislaci\u00f3n.<a href=\"https:\/\/www.jalifecaballero.com\/wp-content\/uploads\/2020\/01\/Mauricio-min.png\"><img loading=\"lazy\" class=\"size-medium wp-image-2463 alignright\" src=\"https:\/\/www.jalifecaballero.com\/wp-content\/uploads\/2020\/01\/Mauricio-min-300x300.png\" alt=\"\" width=\"300\" height=\"300\" srcset=\"https:\/\/www.jalifecaballero.com\/wp-content\/uploads\/2020\/01\/Mauricio-min-300x300.png 300w, https:\/\/www.jalifecaballero.com\/wp-content\/uploads\/2020\/01\/Mauricio-min-150x150.png 150w, https:\/\/www.jalifecaballero.com\/wp-content\/uploads\/2020\/01\/Mauricio-min-400x400.png 400w, https:\/\/www.jalifecaballero.com\/wp-content\/uploads\/2020\/01\/Mauricio-min-270x270.png 270w, https:\/\/www.jalifecaballero.com\/wp-content\/uploads\/2020\/01\/Mauricio-min-600x600.png 600w, https:\/\/www.jalifecaballero.com\/wp-content\/uploads\/2020\/01\/Mauricio-min-100x100.png 100w, https:\/\/www.jalifecaballero.com\/wp-content\/uploads\/2020\/01\/Mauricio-min.png 650w\" sizes=\"(max-width: 300px) 100vw, 300px\" \/><\/a><\/p>\n<p class=\"default__StyledText-xb1qmn-0 kYamVn body-paragraph\">En otras leyes del mismo tipo en pa\u00edses que las han promulgado, se ha creado la infraestructura completa para dar sentido a la explotaci\u00f3n comercial de las obras, definiendo destinos, subsidios, criterios de calidad y una serie de procedimientos y atribuciones que garantizan el cumplimiento de los objetivos. Con estas disposiciones, parecer\u00eda, solo se pretende \u201cque le paguen a las comunidades\u201d por el uso de las obras, sin importar a quien, cuando, como y para qu\u00e9. Necesitamos leyes completas y armonizadas, no parches sobre remiendos.<\/p>\n<\/article>\n<div class=\"fb-comments fb_iframe_widget fb_iframe_widget_fluid_desktop\" data-href=\"https:\/\/www.elfinanciero.com.mx\/opinion\/mauricio-jalife\/2021\/04\/14\/reforman-la-reforma-de-derechos-colectivos-de-autor\/\" data-numposts=\"10\" data-width=\"100%\" data-lazy=\"true\"><a href=\"https:\/\/www.elfinanciero.com.mx\/opinion\/mauricio-jalife\/2021\/04\/14\/reforman-la-reforma-de-derechos-colectivos-de-autor\/\">Leer en El Financiero<\/a><\/div>\n<\/div>\n<\/div>\n","protected":false},"excerpt":{"rendered":"<p>Apenas el 24 de enero de 2020, entr\u00f3 en vigor la reforma a la Ley Federal del Derecho de Autor en materia de protecci\u00f3n de las obras de \u201cculturas populares y expresiones culturales tradicionales\u201d. Apenas el 24 de enero de &#8230;<\/p>\n","protected":false},"author":3,"featured_media":4187,"comment_status":"open","ping_status":"open","sticky":false,"template":"","format":"standard","meta":[],"categories":[1],"tags":[],"_links":{"self":[{"href":"https:\/\/www.jalifecaballero.com\/en\/wp-json\/wp\/v2\/posts\/4186"}],"collection":[{"href":"https:\/\/www.jalifecaballero.com\/en\/wp-json\/wp\/v2\/posts"}],"about":[{"href":"https:\/\/www.jalifecaballero.com\/en\/wp-json\/wp\/v2\/types\/post"}],"author":[{"embeddable":true,"href":"https:\/\/www.jalifecaballero.com\/en\/wp-json\/wp\/v2\/users\/3"}],"replies":[{"embeddable":true,"href":"https:\/\/www.jalifecaballero.com\/en\/wp-json\/wp\/v2\/comments?post=4186"}],"version-history":[{"count":1,"href":"https:\/\/www.jalifecaballero.com\/en\/wp-json\/wp\/v2\/posts\/4186\/revisions"}],"predecessor-version":[{"id":4189,"href":"https:\/\/www.jalifecaballero.com\/en\/wp-json\/wp\/v2\/posts\/4186\/revisions\/4189"}],"wp:featuredmedia":[{"embeddable":true,"href":"https:\/\/www.jalifecaballero.com\/en\/wp-json\/wp\/v2\/media\/4187"}],"wp:attachment":[{"href":"https:\/\/www.jalifecaballero.com\/en\/wp-json\/wp\/v2\/media?parent=4186"}],"wp:term":[{"taxonomy":"category","embeddable":true,"href":"https:\/\/www.jalifecaballero.com\/en\/wp-json\/wp\/v2\/categories?post=4186"},{"taxonomy":"post_tag","embeddable":true,"href":"https:\/\/www.jalifecaballero.com\/en\/wp-json\/wp\/v2\/tags?post=4186"}],"curies":[{"name":"wp","href":"https:\/\/api.w.org\/{rel}","templated":true}]}}