{"id":5234,"date":"2025-02-19T13:15:39","date_gmt":"2025-02-19T19:15:39","guid":{"rendered":"https:\/\/www.jalifecaballero.com\/es\/?p=5234"},"modified":"2025-02-19T13:15:39","modified_gmt":"2025-02-19T19:15:39","slug":"made-in-mexico","status":"publish","type":"post","link":"https:\/\/www.jalifecaballero.com\/es\/uncategorized\/made-in-mexico\/","title":{"rendered":"Made in Mexico"},"content":{"rendered":"<h2 class=\"c-heading b-subheadline\">El uso de las marcas de certificaci\u00f3n \u2018Hecho en M\u00e9xico\u2019 y \u2018Made in Mexico\u2019 es una buena noticia para retomar rumbos comerciales que se encontraban extraviados.<\/h2>\n<p class=\"c-paragraph\">Una larga tradici\u00f3n ha acompa\u00f1ado el empleo del afamado sello \u201cHecho en M\u00e9xico\u201d, que no solo ha distinguido los productos elaborados en el pa\u00eds, sino que a nivel popular ha ingresado al vocabulario de uso cotidiano para una variedad de referencias simb\u00f3licas. Acu\u00f1ado desde 1978, en diversos momentos ha sido objeto de promoci\u00f3n por algunos gobiernos que han identificado en su ic\u00f3nico \u201ccaballero \u00e1guila\u201d la bandera comercial que une los esfuerzos exportadores de nuestros fabricantes, as\u00ed como el referente para dirigir la voluntad de los consumidores en apoyo a los productos nacionales.<\/p>\n<p class=\"c-paragraph\">En esa l\u00ednea, el acuerdo que aparece publicado en el\u00a0<i>Diario Oficial<\/i>\u00a0del pasado 17 de febrero para el uso de las marcas de certificaci\u00f3n \u201cHecho en M\u00e9xico\u201d y \u201cMade in Mexico\u201d es una buena noticia, que alinea algunas de las acciones iniciadas por este gobierno para retomar rumbos comerciales que se encontraban extraviados. Es un relanzamiento del sello con la novedad de responder, ahora, a la figura de la \u201cmarca de certificaci\u00f3n\u201d, de la que es titular la Secretar\u00eda de Econom\u00eda.<\/p>\n<p class=\"c-paragraph\">Este solo hecho constituye toda una novedad, ya que se incrusta al sello y sus reglas de uso en este formato, que seguramente impulsar\u00e1 el conocimiento y uso de las marcas de certificaci\u00f3n en el pa\u00eds, como herramienta ideal para informar a los consumidores que un determinado bien o servicio cumple ciertos criterios de calidad u origen. Es tambi\u00e9n una buena noticia que este gobierno retome iniciativas que pueden ser mejoradas, pero reconociendo que algo se hizo bien en el pasado.<\/p>\n<p>Otra novedad interesante es la adici\u00f3n del sello en idioma ingl\u00e9s, que enfatiza su vocaci\u00f3n internacional para designar a los productos exportados por nuestro pa\u00eds, as\u00ed como el consejo consultivo que estar\u00e1 acompa\u00f1ando el proyecto, y que tiene confecci\u00f3n incluyente para empresarios de diversos or\u00edgenes y sectores. Todas, sin duda, buenas ideas.<\/p>\n<p>Otro elemento para destacar es el haber mantenido la imagen del \u201ccaballero \u00e1guila\u201d como \u00edcono de la marca, no solo para aprovechar su posicionamiento hist\u00f3rico, sino que lanza un mensaje para posibilitar el uso de elementos de nuestro patrimonio cultural que se ha pretendido meter desde hace algunos a\u00f1os en un aparador inaccesible, en el que se \u201cpuede ver\u201d pero \u201cno tocar\u201d. Esta decisi\u00f3n de conservarlo, esperemos, sea una renovada invitaci\u00f3n para que las empresas utilicen las rutas legales existentes para emplear bajo autorizaci\u00f3n elementos de nuestros pueblos ind\u00edgenas para beneficio de todas las partes.<\/p>\n<p>Como siempre, el verdadero corolario para las buenas ideas es que su instrumentaci\u00f3n y resultados sean tan buenos como se pretende, para lo que se requiere el esfuerzo de todos. Las empresas mexicanas que son convocadas a usar el sello, y los consumidores que ante su presencia puedan apoyar con su compra a quienes lo ostenten. Aunque sea solo un peque\u00f1o destello de luz, esta vez s\u00ed es un esfuerzo com\u00fan y compartido.<\/p>\n<p>Dr. Mauricio Jalife Daher<\/p>\n<p>Febrero 19, 2025<\/p>\n<p><a href=\"https:\/\/www.jalifecaballero.com\/wp-content\/uploads\/2020\/01\/Mauricio-min.png\"><img loading=\"lazy\" class=\"size-medium wp-image-2463 alignright\" src=\"https:\/\/www.jalifecaballero.com\/wp-content\/uploads\/2020\/01\/Mauricio-min-300x300.png\" alt=\"\" width=\"300\" height=\"300\" srcset=\"https:\/\/www.jalifecaballero.com\/wp-content\/uploads\/2020\/01\/Mauricio-min-300x300.png 300w, https:\/\/www.jalifecaballero.com\/wp-content\/uploads\/2020\/01\/Mauricio-min-150x150.png 150w, https:\/\/www.jalifecaballero.com\/wp-content\/uploads\/2020\/01\/Mauricio-min-400x400.png 400w, https:\/\/www.jalifecaballero.com\/wp-content\/uploads\/2020\/01\/Mauricio-min-270x270.png 270w, https:\/\/www.jalifecaballero.com\/wp-content\/uploads\/2020\/01\/Mauricio-min-600x600.png 600w, https:\/\/www.jalifecaballero.com\/wp-content\/uploads\/2020\/01\/Mauricio-min-100x100.png 100w, https:\/\/www.jalifecaballero.com\/wp-content\/uploads\/2020\/01\/Mauricio-min.png 650w\" sizes=\"(max-width: 300px) 100vw, 300px\" \/><\/a><\/p>\n","protected":false},"excerpt":{"rendered":"<p>El uso de las marcas de certificaci\u00f3n \u2018Hecho en M\u00e9xico\u2019 y \u2018Made in Mexico\u2019 es una buena noticia para retomar rumbos comerciales que se encontraban extraviados. Una larga tradici\u00f3n ha acompa\u00f1ado el empleo del afamado sello \u201cHecho en M\u00e9xico\u201d, que &#8230;<\/p>\n","protected":false},"author":3,"featured_media":5235,"comment_status":"open","ping_status":"open","sticky":false,"template":"","format":"standard","meta":[],"categories":[1],"tags":[],"_links":{"self":[{"href":"https:\/\/www.jalifecaballero.com\/es\/wp-json\/wp\/v2\/posts\/5234"}],"collection":[{"href":"https:\/\/www.jalifecaballero.com\/es\/wp-json\/wp\/v2\/posts"}],"about":[{"href":"https:\/\/www.jalifecaballero.com\/es\/wp-json\/wp\/v2\/types\/post"}],"author":[{"embeddable":true,"href":"https:\/\/www.jalifecaballero.com\/es\/wp-json\/wp\/v2\/users\/3"}],"replies":[{"embeddable":true,"href":"https:\/\/www.jalifecaballero.com\/es\/wp-json\/wp\/v2\/comments?post=5234"}],"version-history":[{"count":1,"href":"https:\/\/www.jalifecaballero.com\/es\/wp-json\/wp\/v2\/posts\/5234\/revisions"}],"predecessor-version":[{"id":5236,"href":"https:\/\/www.jalifecaballero.com\/es\/wp-json\/wp\/v2\/posts\/5234\/revisions\/5236"}],"wp:featuredmedia":[{"embeddable":true,"href":"https:\/\/www.jalifecaballero.com\/es\/wp-json\/wp\/v2\/media\/5235"}],"wp:attachment":[{"href":"https:\/\/www.jalifecaballero.com\/es\/wp-json\/wp\/v2\/media?parent=5234"}],"wp:term":[{"taxonomy":"category","embeddable":true,"href":"https:\/\/www.jalifecaballero.com\/es\/wp-json\/wp\/v2\/categories?post=5234"},{"taxonomy":"post_tag","embeddable":true,"href":"https:\/\/www.jalifecaballero.com\/es\/wp-json\/wp\/v2\/tags?post=5234"}],"curies":[{"name":"wp","href":"https:\/\/api.w.org\/{rel}","templated":true}]}}